{"id":3995,"date":"2024-07-10T12:50:41","date_gmt":"2024-07-10T10:50:41","guid":{"rendered":"https:\/\/simonrack.com\/?p=535"},"modified":"2026-07-21T09:30:54","modified_gmt":"2026-07-21T07:30:54","slug":"las-bufandas-de-simonrack-testigos-de-la-gesta-de-la-roja-en-la-semifinal-de-la-eurocopa","status":"publish","type":"post","link":"https:\/\/simonrack.com\/fr\/les-echarpes-simonrack-ont-ete-temoins-de-lexploit-de-lequipe-nationale-espagnole-en-demi-finale-de-leuro\/","title":{"rendered":"Les \u00e9charpes de Simonrack, t\u00e9moins de l&#039;exploit de la Roja en demi-finale de l&#039;Euro."},"content":{"rendered":"<p class=\"wp-block-paragraph\">Parmi les nombreuses images laiss\u00e9es par la victoire de l&#039;\u00e9quipe nationale espagnole contre la France en demi-finale de l&#039;Euro mardi, la retransmission du match en a offert une directement li\u00e9e<strong> <\/strong>au secteur de la planification.<\/p>\n\n\n\n<p class=\"wp-block-paragraph\">Lors de la retransmission du match \u00e0 la t\u00e9l\u00e9vision espagnole, une \u00e9charpe orn\u00e9e du logo Simonrack \u00e9tait bien visible. Il y a quelques semaines, nous avons lanc\u00e9 une campagne sp\u00e9ciale de soutien aux joueurs espagnols, en distribuant des \u00e9charpes exclusives \u00e0 nos clients et supporters de la Roja (l&#039;\u00e9quipe nationale espagnole).<\/p>\n\n\n\n<p class=\"wp-block-paragraph\">Nous constatons que la campagne a \u00e9t\u00e9 un succ\u00e8s et nous sommes extr\u00eamement fiers qu&#039;un petit morceau de Simonrack soit pr\u00e9sent lors d&#039;un \u00e9v\u00e9nement footballistique aussi important.<\/p>\n\n\n\n<p class=\"wp-block-paragraph\">Nouvelles de Cdecomunica\u00a0: <a href=\"https:\/\/ferreteria-y-bricolaje.cdecomunicacion.es\/actualidad-de-las-marcas\/187033\/las-bufandas-de-la-roja-de-simonrack-testigos-de-la-gesta-de-espana-en-la-eurocopa\">https:\/\/ferreteria-y-bricolaje.cdecomunicacion.es\/actualidad-de-las-marcas\/187033\/las-bufandas-de-la-roja-de-simonrack-testigos-de-la-gesta-de-espana-en-la-eurocopa<\/a><\/p>","protected":false},"excerpt":{"rendered":"<p>Entre las muchas im\u00e1genes que dej\u00f3 este martes la victoria de la Selecci\u00f3n Espa\u00f1ola frente a Francia en las semifinales de la Eurocopa, la&nbsp;retransmisi\u00f3n del encuentro ofreci\u00f3 una directamente ligada al sector de la ordenaci\u00f3n. Durante la retransmisi\u00f3n del partido por Televisi\u00f3n Espa\u00f1ola, se destac\u00f3 una bufanda que portaba el distintivo de Simonrack. Hace unas [&hellip;]<\/p>\n","protected":false},"author":2,"featured_media":3996,"comment_status":"open","ping_status":"open","sticky":false,"template":"","format":"standard","meta":{"_monsterinsights_skip_tracking":false,"footnotes":""},"categories":[191,220],"tags":[201,222,221,175,215,223,126],"class_list":["post-3995","post","type-post","status-publish","format-standard","has-post-thumbnail","hentry","category-festividades","category-simonrack-internacional","tag-bricolaje","tag-bufanda","tag-campana","tag-espana","tag-eurocopa","tag-la-roja","tag-simonrack"],"yoast_head":"<!-- This site is optimized with the Yoast SEO plugin v28.3 - https:\/\/yoast.com\/product\/yoast-seo-wordpress\/ -->\n<title>Las bufandas de Simonrack, testigos de la gesta de La Roja en la semifinal de la Eurocopa<\/title>\n<meta name=\"description\" content=\"\u00a1Simonrack en la semifinal de la Eurocopa! Nuestras bufandas acompa\u00f1aron la gesta de La Roja en TVE. \u00a1Descubre c\u00f3mo vivimos la victoria!\" \/>\n<meta name=\"robots\" content=\"index, follow, max-snippet:-1, max-image-preview:large, max-video-preview:-1\" \/>\n<link rel=\"canonical\" href=\"https:\/\/simonrack.com\/fr\/les-echarpes-simonrack-ont-ete-temoins-de-lexploit-de-lequipe-nationale-espagnole-en-demi-finale-de-leuro\/\" \/>\n<meta property=\"og:locale\" content=\"fr_FR\" \/>\n<meta property=\"og:type\" content=\"article\" \/>\n<meta property=\"og:title\" content=\"Las bufandas de Simonrack, testigos de la gesta de La Roja en la semifinal de la Eurocopa\" \/>\n<meta property=\"og:description\" content=\"\u00a1Simonrack en la semifinal de la Eurocopa! Nuestras bufandas acompa\u00f1aron la gesta de La Roja en TVE. \u00a1Descubre c\u00f3mo vivimos la victoria!\" \/>\n<meta property=\"og:url\" content=\"https:\/\/simonrack.com\/fr\/les-echarpes-simonrack-ont-ete-temoins-de-lexploit-de-lequipe-nationale-espagnole-en-demi-finale-de-leuro\/\" \/>\n<meta property=\"og:site_name\" content=\"SimonRack\" \/>\n<meta property=\"article:published_time\" content=\"2024-07-10T10:50:41+00:00\" \/>\n<meta property=\"article:modified_time\" content=\"2026-07-21T07:30:54+00:00\" \/>\n<meta property=\"og:image\" content=\"https:\/\/simonrack.com\/wp-content\/uploads\/2024\/07\/FOTO-BUFANDA-SIMONRACK-SEMIFINAL.jpeg\" \/>\n\t<meta property=\"og:image:width\" content=\"1600\" \/>\n\t<meta property=\"og:image:height\" content=\"1200\" \/>\n\t<meta property=\"og:image:type\" content=\"image\/jpeg\" \/>\n<meta name=\"author\" content=\"Samuel\" \/>\n<meta name=\"twitter:card\" content=\"summary_large_image\" \/>\n<meta name=\"twitter:label1\" content=\"\u00c9crit par\" \/>\n\t<meta name=\"twitter:data1\" content=\"Samuel\" \/>\n\t<meta name=\"twitter:label2\" content=\"Dur\u00e9e de lecture estim\u00e9e\" \/>\n\t<meta name=\"twitter:data2\" content=\"1 minute\" \/>\n<script type=\"application\/ld+json\" class=\"yoast-schema-graph\">{\"@context\":\"https:\\\/\\\/schema.org\",\"@graph\":[{\"@type\":\"Article\",\"@id\":\"https:\\\/\\\/simonrack.com\\\/las-bufandas-de-simonrack-testigos-de-la-gesta-de-la-roja-en-la-semifinal-de-la-eurocopa\\\/#article\",\"isPartOf\":{\"@id\":\"https:\\\/\\\/simonrack.com\\\/las-bufandas-de-simonrack-testigos-de-la-gesta-de-la-roja-en-la-semifinal-de-la-eurocopa\\\/\"},\"author\":{\"name\":\"Samuel\",\"@id\":\"https:\\\/\\\/simonrack.com\\\/#\\\/schema\\\/person\\\/37001feff3733423ac37771e6573a9a5\"},\"headline\":\"Las bufandas de Simonrack, testigos de la gesta de La Roja en la semifinal de la Eurocopa\",\"datePublished\":\"2024-07-10T10:50:41+00:00\",\"dateModified\":\"2026-07-21T07:30:54+00:00\",\"mainEntityOfPage\":{\"@id\":\"https:\\\/\\\/simonrack.com\\\/las-bufandas-de-simonrack-testigos-de-la-gesta-de-la-roja-en-la-semifinal-de-la-eurocopa\\\/\"},\"wordCount\":144,\"commentCount\":0,\"publisher\":{\"@id\":\"https:\\\/\\\/simonrack.com\\\/#organization\"},\"image\":{\"@id\":\"https:\\\/\\\/simonrack.com\\\/las-bufandas-de-simonrack-testigos-de-la-gesta-de-la-roja-en-la-semifinal-de-la-eurocopa\\\/#primaryimage\"},\"thumbnailUrl\":\"https:\\\/\\\/simonrack.com\\\/wp-content\\\/uploads\\\/2024\\\/07\\\/FOTO-BUFANDA-SIMONRACK-SEMIFINAL.jpeg\",\"keywords\":[\"bricolaje\",\"bufanda\",\"campa\u00f1a\",\"espa\u00f1a\",\"eurocopa\",\"la roja\",\"simonrack\"],\"articleSection\":[\"Festividades\",\"Simonrack Internacional\"],\"inLanguage\":\"fr-FR\",\"potentialAction\":[{\"@type\":\"CommentAction\",\"name\":\"Comment\",\"target\":[\"https:\\\/\\\/simonrack.com\\\/las-bufandas-de-simonrack-testigos-de-la-gesta-de-la-roja-en-la-semifinal-de-la-eurocopa\\\/#respond\"]}]},{\"@type\":\"WebPage\",\"@id\":\"https:\\\/\\\/simonrack.com\\\/las-bufandas-de-simonrack-testigos-de-la-gesta-de-la-roja-en-la-semifinal-de-la-eurocopa\\\/\",\"url\":\"https:\\\/\\\/simonrack.com\\\/las-bufandas-de-simonrack-testigos-de-la-gesta-de-la-roja-en-la-semifinal-de-la-eurocopa\\\/\",\"name\":\"Las bufandas de Simonrack, testigos de la gesta de La Roja en la semifinal de la Eurocopa\",\"isPartOf\":{\"@id\":\"https:\\\/\\\/simonrack.com\\\/#website\"},\"primaryImageOfPage\":{\"@id\":\"https:\\\/\\\/simonrack.com\\\/las-bufandas-de-simonrack-testigos-de-la-gesta-de-la-roja-en-la-semifinal-de-la-eurocopa\\\/#primaryimage\"},\"image\":{\"@id\":\"https:\\\/\\\/simonrack.com\\\/las-bufandas-de-simonrack-testigos-de-la-gesta-de-la-roja-en-la-semifinal-de-la-eurocopa\\\/#primaryimage\"},\"thumbnailUrl\":\"https:\\\/\\\/simonrack.com\\\/wp-content\\\/uploads\\\/2024\\\/07\\\/FOTO-BUFANDA-SIMONRACK-SEMIFINAL.jpeg\",\"datePublished\":\"2024-07-10T10:50:41+00:00\",\"dateModified\":\"2026-07-21T07:30:54+00:00\",\"description\":\"\u00a1Simonrack en la semifinal de la Eurocopa! Nuestras bufandas acompa\u00f1aron la gesta de La Roja en TVE. \u00a1Descubre c\u00f3mo vivimos la victoria!\",\"breadcrumb\":{\"@id\":\"https:\\\/\\\/simonrack.com\\\/las-bufandas-de-simonrack-testigos-de-la-gesta-de-la-roja-en-la-semifinal-de-la-eurocopa\\\/#breadcrumb\"},\"inLanguage\":\"fr-FR\",\"potentialAction\":[{\"@type\":\"ReadAction\",\"target\":[\"https:\\\/\\\/simonrack.com\\\/las-bufandas-de-simonrack-testigos-de-la-gesta-de-la-roja-en-la-semifinal-de-la-eurocopa\\\/\"]}]},{\"@type\":\"ImageObject\",\"inLanguage\":\"fr-FR\",\"@id\":\"https:\\\/\\\/simonrack.com\\\/las-bufandas-de-simonrack-testigos-de-la-gesta-de-la-roja-en-la-semifinal-de-la-eurocopa\\\/#primaryimage\",\"url\":\"https:\\\/\\\/simonrack.com\\\/wp-content\\\/uploads\\\/2024\\\/07\\\/FOTO-BUFANDA-SIMONRACK-SEMIFINAL.jpeg\",\"contentUrl\":\"https:\\\/\\\/simonrack.com\\\/wp-content\\\/uploads\\\/2024\\\/07\\\/FOTO-BUFANDA-SIMONRACK-SEMIFINAL.jpeg\",\"width\":1600,\"height\":1200},{\"@type\":\"BreadcrumbList\",\"@id\":\"https:\\\/\\\/simonrack.com\\\/las-bufandas-de-simonrack-testigos-de-la-gesta-de-la-roja-en-la-semifinal-de-la-eurocopa\\\/#breadcrumb\",\"itemListElement\":[{\"@type\":\"ListItem\",\"position\":1,\"name\":\"Portada\",\"item\":\"https:\\\/\\\/simonrack.com\\\/\"},{\"@type\":\"ListItem\",\"position\":2,\"name\":\"Las bufandas de Simonrack, testigos de la gesta de La Roja en la semifinal de la Eurocopa\"}]},{\"@type\":\"WebSite\",\"@id\":\"https:\\\/\\\/simonrack.com\\\/#website\",\"url\":\"https:\\\/\\\/simonrack.com\\\/\",\"name\":\"SimonRack\",\"description\":\"Soluciones Met\u00e1licas de Almacenamiento\",\"publisher\":{\"@id\":\"https:\\\/\\\/simonrack.com\\\/#organization\"},\"alternateName\":\"Estanter\u00edas Simon\",\"potentialAction\":[{\"@type\":\"SearchAction\",\"target\":{\"@type\":\"EntryPoint\",\"urlTemplate\":\"https:\\\/\\\/simonrack.com\\\/?s={search_term_string}\"},\"query-input\":{\"@type\":\"PropertyValueSpecification\",\"valueRequired\":true,\"valueName\":\"search_term_string\"}}],\"inLanguage\":\"fr-FR\"},{\"@type\":\"Organization\",\"@id\":\"https:\\\/\\\/simonrack.com\\\/#organization\",\"name\":\"SimonRack\",\"alternateName\":\"Soluciones Met\u00e1licas de Almacenamiento\",\"url\":\"https:\\\/\\\/simonrack.com\\\/\",\"logo\":{\"@type\":\"ImageObject\",\"inLanguage\":\"fr-FR\",\"@id\":\"https:\\\/\\\/simonrack.com\\\/#\\\/schema\\\/logo\\\/image\\\/\",\"url\":\"https:\\\/\\\/simonrack.com\\\/wp-content\\\/uploads\\\/2025\\\/11\\\/logo-simon-rack.svg\",\"contentUrl\":\"https:\\\/\\\/simonrack.com\\\/wp-content\\\/uploads\\\/2025\\\/11\\\/logo-simon-rack.svg\",\"width\":842,\"height\":405,\"caption\":\"SimonRack\"},\"image\":{\"@id\":\"https:\\\/\\\/simonrack.com\\\/#\\\/schema\\\/logo\\\/image\\\/\"}},{\"@type\":\"Person\",\"@id\":\"https:\\\/\\\/simonrack.com\\\/#\\\/schema\\\/person\\\/37001feff3733423ac37771e6573a9a5\",\"name\":\"Samuel\",\"image\":{\"@type\":\"ImageObject\",\"inLanguage\":\"fr-FR\",\"@id\":\"https:\\\/\\\/secure.gravatar.com\\\/avatar\\\/33c088487f1109433c866c40f6d32ea5a4aeec53d1f78339c60fc535af8a8e31?s=96&d=mm&r=g\",\"url\":\"https:\\\/\\\/secure.gravatar.com\\\/avatar\\\/33c088487f1109433c866c40f6d32ea5a4aeec53d1f78339c60fc535af8a8e31?s=96&d=mm&r=g\",\"contentUrl\":\"https:\\\/\\\/secure.gravatar.com\\\/avatar\\\/33c088487f1109433c866c40f6d32ea5a4aeec53d1f78339c60fc535af8a8e31?s=96&d=mm&r=g\",\"caption\":\"Samuel\"}}]}<\/script>\n<!-- \/ Yoast SEO plugin. -->","yoast_head_json":{"title":"Les \u00e9charpes de Simonrack, t\u00e9moins de l&#039;exploit de la Roja en demi-finale de l&#039;Euro.","description":"Simonrack \u00e0 la demi-finale de l&#039;Euro 2016\u00a0! Nos \u00e9charpes ont accompagn\u00e9 la victoire de l&#039;Espagne sur TVE. D\u00e9couvrez comment nous avons v\u00e9cu ce triomphe\u00a0!","robots":{"index":"index","follow":"follow","max-snippet":"max-snippet:-1","max-image-preview":"max-image-preview:large","max-video-preview":"max-video-preview:-1"},"canonical":"https:\/\/simonrack.com\/fr\/les-echarpes-simonrack-ont-ete-temoins-de-lexploit-de-lequipe-nationale-espagnole-en-demi-finale-de-leuro\/","og_locale":"fr_FR","og_type":"article","og_title":"Las bufandas de Simonrack, testigos de la gesta de La Roja en la semifinal de la Eurocopa","og_description":"\u00a1Simonrack en la semifinal de la Eurocopa! Nuestras bufandas acompa\u00f1aron la gesta de La Roja en TVE. \u00a1Descubre c\u00f3mo vivimos la victoria!","og_url":"https:\/\/simonrack.com\/fr\/les-echarpes-simonrack-ont-ete-temoins-de-lexploit-de-lequipe-nationale-espagnole-en-demi-finale-de-leuro\/","og_site_name":"SimonRack","article_published_time":"2024-07-10T10:50:41+00:00","article_modified_time":"2026-07-21T07:30:54+00:00","og_image":[{"width":1600,"height":1200,"url":"https:\/\/simonrack.com\/wp-content\/uploads\/2024\/07\/FOTO-BUFANDA-SIMONRACK-SEMIFINAL.jpeg","type":"image\/jpeg"}],"author":"Samuel","twitter_card":"summary_large_image","twitter_misc":{"\u00c9crit par":"Samuel","Dur\u00e9e de lecture estim\u00e9e":"1 minute"},"schema":{"@context":"https:\/\/schema.org","@graph":[{"@type":"Article","@id":"https:\/\/simonrack.com\/las-bufandas-de-simonrack-testigos-de-la-gesta-de-la-roja-en-la-semifinal-de-la-eurocopa\/#article","isPartOf":{"@id":"https:\/\/simonrack.com\/las-bufandas-de-simonrack-testigos-de-la-gesta-de-la-roja-en-la-semifinal-de-la-eurocopa\/"},"author":{"name":"Samuel","@id":"https:\/\/simonrack.com\/#\/schema\/person\/37001feff3733423ac37771e6573a9a5"},"headline":"Las bufandas de Simonrack, testigos de la gesta de La Roja en la semifinal de la Eurocopa","datePublished":"2024-07-10T10:50:41+00:00","dateModified":"2026-07-21T07:30:54+00:00","mainEntityOfPage":{"@id":"https:\/\/simonrack.com\/las-bufandas-de-simonrack-testigos-de-la-gesta-de-la-roja-en-la-semifinal-de-la-eurocopa\/"},"wordCount":144,"commentCount":0,"publisher":{"@id":"https:\/\/simonrack.com\/#organization"},"image":{"@id":"https:\/\/simonrack.com\/las-bufandas-de-simonrack-testigos-de-la-gesta-de-la-roja-en-la-semifinal-de-la-eurocopa\/#primaryimage"},"thumbnailUrl":"https:\/\/simonrack.com\/wp-content\/uploads\/2024\/07\/FOTO-BUFANDA-SIMONRACK-SEMIFINAL.jpeg","keywords":["bricolaje","bufanda","campa\u00f1a","espa\u00f1a","eurocopa","la roja","simonrack"],"articleSection":["Festividades","Simonrack Internacional"],"inLanguage":"fr-FR","potentialAction":[{"@type":"CommentAction","name":"Comment","target":["https:\/\/simonrack.com\/las-bufandas-de-simonrack-testigos-de-la-gesta-de-la-roja-en-la-semifinal-de-la-eurocopa\/#respond"]}]},{"@type":"WebPage","@id":"https:\/\/simonrack.com\/las-bufandas-de-simonrack-testigos-de-la-gesta-de-la-roja-en-la-semifinal-de-la-eurocopa\/","url":"https:\/\/simonrack.com\/las-bufandas-de-simonrack-testigos-de-la-gesta-de-la-roja-en-la-semifinal-de-la-eurocopa\/","name":"Les \u00e9charpes de Simonrack, t\u00e9moins de l&#039;exploit de la Roja en demi-finale de l&#039;Euro.","isPartOf":{"@id":"https:\/\/simonrack.com\/#website"},"primaryImageOfPage":{"@id":"https:\/\/simonrack.com\/las-bufandas-de-simonrack-testigos-de-la-gesta-de-la-roja-en-la-semifinal-de-la-eurocopa\/#primaryimage"},"image":{"@id":"https:\/\/simonrack.com\/las-bufandas-de-simonrack-testigos-de-la-gesta-de-la-roja-en-la-semifinal-de-la-eurocopa\/#primaryimage"},"thumbnailUrl":"https:\/\/simonrack.com\/wp-content\/uploads\/2024\/07\/FOTO-BUFANDA-SIMONRACK-SEMIFINAL.jpeg","datePublished":"2024-07-10T10:50:41+00:00","dateModified":"2026-07-21T07:30:54+00:00","description":"Simonrack \u00e0 la demi-finale de l&#039;Euro 2016\u00a0! Nos \u00e9charpes ont accompagn\u00e9 la victoire de l&#039;Espagne sur TVE. D\u00e9couvrez comment nous avons v\u00e9cu ce triomphe\u00a0!","breadcrumb":{"@id":"https:\/\/simonrack.com\/las-bufandas-de-simonrack-testigos-de-la-gesta-de-la-roja-en-la-semifinal-de-la-eurocopa\/#breadcrumb"},"inLanguage":"fr-FR","potentialAction":[{"@type":"ReadAction","target":["https:\/\/simonrack.com\/las-bufandas-de-simonrack-testigos-de-la-gesta-de-la-roja-en-la-semifinal-de-la-eurocopa\/"]}]},{"@type":"ImageObject","inLanguage":"fr-FR","@id":"https:\/\/simonrack.com\/las-bufandas-de-simonrack-testigos-de-la-gesta-de-la-roja-en-la-semifinal-de-la-eurocopa\/#primaryimage","url":"https:\/\/simonrack.com\/wp-content\/uploads\/2024\/07\/FOTO-BUFANDA-SIMONRACK-SEMIFINAL.jpeg","contentUrl":"https:\/\/simonrack.com\/wp-content\/uploads\/2024\/07\/FOTO-BUFANDA-SIMONRACK-SEMIFINAL.jpeg","width":1600,"height":1200},{"@type":"BreadcrumbList","@id":"https:\/\/simonrack.com\/las-bufandas-de-simonrack-testigos-de-la-gesta-de-la-roja-en-la-semifinal-de-la-eurocopa\/#breadcrumb","itemListElement":[{"@type":"ListItem","position":1,"name":"Portada","item":"https:\/\/simonrack.com\/"},{"@type":"ListItem","position":2,"name":"Las bufandas de Simonrack, testigos de la gesta de La Roja en la semifinal de la Eurocopa"}]},{"@type":"WebSite","@id":"https:\/\/simonrack.com\/#website","url":"https:\/\/simonrack.com\/","name":"SimonRack","description":"Solutions de stockage m\u00e9tallique","publisher":{"@id":"https:\/\/simonrack.com\/#organization"},"alternateName":"Estanter\u00edas Simon","potentialAction":[{"@type":"SearchAction","target":{"@type":"EntryPoint","urlTemplate":"https:\/\/simonrack.com\/?s={search_term_string}"},"query-input":{"@type":"PropertyValueSpecification","valueRequired":true,"valueName":"search_term_string"}}],"inLanguage":"fr-FR"},{"@type":"Organization","@id":"https:\/\/simonrack.com\/#organization","name":"SimonRack","alternateName":"Soluciones Met\u00e1licas de Almacenamiento","url":"https:\/\/simonrack.com\/","logo":{"@type":"ImageObject","inLanguage":"fr-FR","@id":"https:\/\/simonrack.com\/#\/schema\/logo\/image\/","url":"https:\/\/simonrack.com\/wp-content\/uploads\/2025\/11\/logo-simon-rack.svg","contentUrl":"https:\/\/simonrack.com\/wp-content\/uploads\/2025\/11\/logo-simon-rack.svg","width":842,"height":405,"caption":"SimonRack"},"image":{"@id":"https:\/\/simonrack.com\/#\/schema\/logo\/image\/"}},{"@type":"Person","@id":"https:\/\/simonrack.com\/#\/schema\/person\/37001feff3733423ac37771e6573a9a5","name":"Samuel","image":{"@type":"ImageObject","inLanguage":"fr-FR","@id":"https:\/\/secure.gravatar.com\/avatar\/33c088487f1109433c866c40f6d32ea5a4aeec53d1f78339c60fc535af8a8e31?s=96&d=mm&r=g","url":"https:\/\/secure.gravatar.com\/avatar\/33c088487f1109433c866c40f6d32ea5a4aeec53d1f78339c60fc535af8a8e31?s=96&d=mm&r=g","contentUrl":"https:\/\/secure.gravatar.com\/avatar\/33c088487f1109433c866c40f6d32ea5a4aeec53d1f78339c60fc535af8a8e31?s=96&d=mm&r=g","caption":"Samuel"}}]}},"_links":{"self":[{"href":"https:\/\/simonrack.com\/fr\/wp-json\/wp\/v2\/posts\/3995","targetHints":{"allow":["GET"]}}],"collection":[{"href":"https:\/\/simonrack.com\/fr\/wp-json\/wp\/v2\/posts"}],"about":[{"href":"https:\/\/simonrack.com\/fr\/wp-json\/wp\/v2\/types\/post"}],"author":[{"embeddable":true,"href":"https:\/\/simonrack.com\/fr\/wp-json\/wp\/v2\/users\/2"}],"replies":[{"embeddable":true,"href":"https:\/\/simonrack.com\/fr\/wp-json\/wp\/v2\/comments?post=3995"}],"version-history":[{"count":1,"href":"https:\/\/simonrack.com\/fr\/wp-json\/wp\/v2\/posts\/3995\/revisions"}],"predecessor-version":[{"id":76421,"href":"https:\/\/simonrack.com\/fr\/wp-json\/wp\/v2\/posts\/3995\/revisions\/76421"}],"wp:featuredmedia":[{"embeddable":true,"href":"https:\/\/simonrack.com\/fr\/wp-json\/wp\/v2\/media\/3996"}],"wp:attachment":[{"href":"https:\/\/simonrack.com\/fr\/wp-json\/wp\/v2\/media?parent=3995"}],"wp:term":[{"taxonomy":"category","embeddable":true,"href":"https:\/\/simonrack.com\/fr\/wp-json\/wp\/v2\/categories?post=3995"},{"taxonomy":"post_tag","embeddable":true,"href":"https:\/\/simonrack.com\/fr\/wp-json\/wp\/v2\/tags?post=3995"}],"curies":[{"name":"wp","href":"https:\/\/api.w.org\/{rel}","templated":true}]}}